{"id":440,"date":"2024-08-15T15:17:16","date_gmt":"2024-08-15T18:17:16","guid":{"rendered":"https:\/\/concurso-publico.com\/?p=440"},"modified":"2024-08-15T15:34:54","modified_gmt":"2024-08-15T18:34:54","slug":"core-mt-lanca-concurso-publico-com-oportunidades-para-diversos-cargos","status":"publish","type":"post","link":"https:\/\/concurso-publico.com\/index.php\/2024\/08\/15\/core-mt-lanca-concurso-publico-com-oportunidades-para-diversos-cargos\/","title":{"rendered":"CORE MT lan\u00e7a concurso p\u00fablico com oportunidades para diversos cargos"},"content":{"rendered":"\n<p>O Conselho Regional dos Representantes Comerciais de Mato Grosso (CORE MT) anunciou a abertura de inscri\u00e7\u00f5es para um novo concurso p\u00fablico, que visa preencher duas vagas e formar um cadastro reserva para cargos de n\u00edvel m\u00e9dio e superior.<\/p>\n\n\n\n<p>As vagas est\u00e3o distribu\u00eddas da seguinte forma:<\/p>\n\n\n\n<ul class=\"wp-block-list\">\n<li><strong>Cuiab\u00e1<\/strong>: contador (1 vaga), agente fiscal, assistente administrativo, assistente jur\u00eddico.<\/li>\n\n\n\n<li><strong>Sinop<\/strong>: assistente administrativo (1 vaga).<\/li>\n\n\n\n<li><strong>Rondon\u00f3polis<\/strong>: assistente administrativo.<\/li>\n<\/ul>\n\n\n\n<p>Os profissionais selecionados ter\u00e3o uma jornada de 40 horas semanais e receber\u00e3o sal\u00e1rios que variam de R$ 2.608,15 a R$ 5.320,00, al\u00e9m de benef\u00edcios como vale alimenta\u00e7\u00e3o, plano de sa\u00fade e vale transporte.<\/p>\n\n\n\n<p><strong>Como se inscrever<\/strong><\/p>\n\n\n\n<p>As inscri\u00e7\u00f5es devem ser feitas exclusivamente pela internet, no site do Instituto Quadrix, das 10h do dia 12 de agosto at\u00e9 \u00e0s 23h do dia 23 de setembro. As taxas de inscri\u00e7\u00e3o s\u00e3o de R$ 75,00 a R$ 90,00.<\/p>\n\n\n\n<p>O processo seletivo incluir\u00e1 uma prova objetiva, programada para o dia 17 de novembro. Para os cargos de n\u00edvel superior, haver\u00e1 tamb\u00e9m uma prova discursiva.<\/p>\n\n\n\n<p>O concurso ter\u00e1 validade de dois anos a partir da publica\u00e7\u00e3o da homologa\u00e7\u00e3o do resultado final, com a possibilidade de prorroga\u00e7\u00e3o por mais dois anos, conforme a necessidade da Administra\u00e7\u00e3o P\u00fablica.<\/p>\n\n\n\n<p>Para maiores informa\u00e7\u00f5es, inscri\u00e7\u00e3o e consulta ao edital, acesse o site:   <a href=\"https:\/\/www.quadrix.org.br\/todos-os-concursos\/inscricoes-abertas\/coremt_2024.aspx\" target=\"_blank\" rel=\"noopener\">https:\/\/www.quadrix.org.br\/todos-os-concursos\/inscricoes-abertas\/coremt_2024.aspx<\/a><\/p>\n","protected":false},"excerpt":{"rendered":"<p>O Conselho Regional dos Representantes Comerciais de Mato Grosso (CORE MT) anunciou a abertura de inscri\u00e7\u00f5es para um novo concurso p\u00fablico, que visa preencher duas vagas e formar um cadastro&#8230;.<\/p>\n","protected":false},"author":1,"featured_media":444,"comment_status":"closed","ping_status":"","sticky":false,"template":"","format":"standard","meta":{"footnotes":""},"categories":[42,5,10,22],"tags":[],"class_list":["post-440","post","type-post","status-publish","format-standard","has-post-thumbnail","hentry","category-concurso-aberto","category-Concurso-Centro-Oeste","category-concurso-regionais","category-mato-grosso"],"_links":{"self":[{"href":"https:\/\/concurso-publico.com\/index.php\/wp-json\/wp\/v2\/posts\/440","targetHints":{"allow":["GET"]}}],"collection":[{"href":"https:\/\/concurso-publico.com\/index.php\/wp-json\/wp\/v2\/posts"}],"about":[{"href":"https:\/\/concurso-publico.com\/index.php\/wp-json\/wp\/v2\/types\/post"}],"author":[{"embeddable":true,"href":"https:\/\/concurso-publico.com\/index.php\/wp-json\/wp\/v2\/users\/1"}],"replies":[{"embeddable":true,"href":"https:\/\/concurso-publico.com\/index.php\/wp-json\/wp\/v2\/comments?post=440"}],"version-history":[{"count":2,"href":"https:\/\/concurso-publico.com\/index.php\/wp-json\/wp\/v2\/posts\/440\/revisions"}],"predecessor-version":[{"id":443,"href":"https:\/\/concurso-publico.com\/index.php\/wp-json\/wp\/v2\/posts\/440\/revisions\/443"}],"wp:featuredmedia":[{"embeddable":true,"href":"https:\/\/concurso-publico.com\/index.php\/wp-json\/wp\/v2\/media\/444"}],"wp:attachment":[{"href":"https:\/\/concurso-publico.com\/index.php\/wp-json\/wp\/v2\/media?parent=440"}],"wp:term":[{"taxonomy":"category","embeddable":true,"href":"https:\/\/concurso-publico.com\/index.php\/wp-json\/wp\/v2\/categories?post=440"},{"taxonomy":"post_tag","embeddable":true,"href":"https:\/\/concurso-publico.com\/index.php\/wp-json\/wp\/v2\/tags?post=440"}],"curies":[{"name":"wp","href":"https:\/\/api.w.org\/{rel}","templated":true}]}}